{"id":1273,"date":"2025-03-18T20:42:20","date_gmt":"2025-03-18T19:42:20","guid":{"rendered":"https:\/\/cil.bf\/?p=1273"},"modified":"2025-03-19T19:07:01","modified_gmt":"2025-03-19T18:07:01","slug":"la-cil-recue-a-la-primature","status":"publish","type":"post","link":"https:\/\/cil.bf\/?p=1273","title":{"rendered":"La CIL re\u00e7ue \u00e0 la Primature"},"content":{"rendered":"\n<p>La CIL re\u00e7ue \u00e0 la primature<\/p>\n\n\n\n<p>La Pr\u00e9sidente de la Commission de l\u2019Informatique et des Libert\u00e9s (CIL) a \u00e9t\u00e9 re\u00e7ue en audience par le Premier Ministre. Dr Halgui\u00e8ta NASSA\/TRAWINA est all\u00e9e faire part \u00e0 Rimtalba Jean Emmanuel des pr\u00e9paratifs de la 3<sup>\u00e8me<\/sup> \u00e9dition de la Journ\u00e9e Nationale de la Protection des Donn\u00e9es \u00e0 caract\u00e8re Personnel (JNPDP). Cette c\u00e9l\u00e9bration se tient sous le th\u00e8me&nbsp;:&nbsp;\u00ab&nbsp;<strong><em>La protection des donn\u00e9es \u00e0 caract\u00e8re personnel \u00e0 l\u2019\u00e8re de la digitalisation des proc\u00e9dures administratives : quelle contribution des acteurs de l\u2019\u00e9cosyst\u00e8me du&nbsp;num\u00e9rique&nbsp;?<\/em><\/strong>&nbsp;\u00bb.<\/p>\n\n\n\n<p>En plus de la JNPDP 2025, la Pr\u00e9sidente de la CIL a pr\u00e9sent\u00e9 au Premier Ministre quelques chantiers en lien avec les nouveaux d\u00e9fis tels que l\u2019Intelligence Artificielle.<\/p>\n\n\n\n<p>Pour sa part, le Premier Ministre a salu\u00e9 le travail d\u00e9j\u00e0 abattu en terme de protection des donn\u00e9es \u00e0 caract\u00e8re personnel et a soulign\u00e9 la n\u00e9cessit\u00e9 d\u2019accentuer la communication surtout aupr\u00e8s de la jeunesse. Il a signal\u00e9 \u00e9galement l\u2019importance de se recycler en permanence afin de mieux se projeter dans l\u2019anticipation.<\/p>\n\n\n\n<p>Ouagadougou, 18 mars 2025 (DCRP\/CIL)<\/p>\n\n\n\n<p>Cr\u00e9dit photo&nbsp;: DCRP\/Primature<\/p>\n\n\n\n<figure class=\"wp-block-image size-large\"><img loading=\"lazy\" decoding=\"async\" width=\"1024\" height=\"768\" src=\"https:\/\/cil.bf\/wp-content\/uploads\/2025\/03\/IMG-20250318-WA0065-1024x768.jpg\" alt=\"La CIL re\u00e7ue \u00e0 la Primature\" class=\"wp-image-1276\" srcset=\"https:\/\/cil.bf\/wp-content\/uploads\/2025\/03\/IMG-20250318-WA0065-1024x768.jpg 1024w, https:\/\/cil.bf\/wp-content\/uploads\/2025\/03\/IMG-20250318-WA0065-300x225.jpg 300w, https:\/\/cil.bf\/wp-content\/uploads\/2025\/03\/IMG-20250318-WA0065-768x576.jpg 768w, https:\/\/cil.bf\/wp-content\/uploads\/2025\/03\/IMG-20250318-WA0065-1536x1152.jpg 1536w, https:\/\/cil.bf\/wp-content\/uploads\/2025\/03\/IMG-20250318-WA0065-2048x1536.jpg 2048w\" sizes=\"auto, (max-width: 1024px) 100vw, 1024px\" \/><figcaption class=\"wp-element-caption\">IMG-20250318-WA0065<\/figcaption><\/figure>\n\n\n\n<figure class=\"wp-block-image size-large\"><img loading=\"lazy\" decoding=\"async\" width=\"1024\" height=\"663\" src=\"https:\/\/cil.bf\/wp-content\/uploads\/2025\/03\/IMG-20250318-WA0064-1024x663.jpg\" alt=\"\" class=\"wp-image-1275\" srcset=\"https:\/\/cil.bf\/wp-content\/uploads\/2025\/03\/IMG-20250318-WA0064-1024x663.jpg 1024w, https:\/\/cil.bf\/wp-content\/uploads\/2025\/03\/IMG-20250318-WA0064-300x194.jpg 300w, https:\/\/cil.bf\/wp-content\/uploads\/2025\/03\/IMG-20250318-WA0064-768x497.jpg 768w, https:\/\/cil.bf\/wp-content\/uploads\/2025\/03\/IMG-20250318-WA0064-1536x994.jpg 1536w, https:\/\/cil.bf\/wp-content\/uploads\/2025\/03\/IMG-20250318-WA0064-2048x1326.jpg 2048w\" sizes=\"auto, (max-width: 1024px) 100vw, 1024px\" \/><\/figure>\n\n\n\n<div class=\"wp-block-group\"><div class=\"wp-block-group__inner-container is-layout-constrained wp-block-group-is-layout-constrained\">\n<figure class=\"wp-block-image size-large\"><img loading=\"lazy\" decoding=\"async\" width=\"1024\" height=\"583\" src=\"https:\/\/cil.bf\/wp-content\/uploads\/2025\/03\/IMG-20250318-WA0067-1024x583.jpg\" alt=\"\" class=\"wp-image-1278\" srcset=\"https:\/\/cil.bf\/wp-content\/uploads\/2025\/03\/IMG-20250318-WA0067-1024x583.jpg 1024w, https:\/\/cil.bf\/wp-content\/uploads\/2025\/03\/IMG-20250318-WA0067-300x171.jpg 300w, https:\/\/cil.bf\/wp-content\/uploads\/2025\/03\/IMG-20250318-WA0067-768x437.jpg 768w, https:\/\/cil.bf\/wp-content\/uploads\/2025\/03\/IMG-20250318-WA0067-1536x875.jpg 1536w, https:\/\/cil.bf\/wp-content\/uploads\/2025\/03\/IMG-20250318-WA0067-2048x1166.jpg 2048w\" sizes=\"auto, (max-width: 1024px) 100vw, 1024px\" \/><\/figure>\n\n\n\n<figure class=\"wp-block-image size-large\"><img loading=\"lazy\" decoding=\"async\" width=\"1024\" height=\"671\" src=\"https:\/\/cil.bf\/wp-content\/uploads\/2025\/03\/IMG-20250318-WA0063-1024x671.jpg\" alt=\"\" class=\"wp-image-1274\" srcset=\"https:\/\/cil.bf\/wp-content\/uploads\/2025\/03\/IMG-20250318-WA0063-1024x671.jpg 1024w, https:\/\/cil.bf\/wp-content\/uploads\/2025\/03\/IMG-20250318-WA0063-300x197.jpg 300w, https:\/\/cil.bf\/wp-content\/uploads\/2025\/03\/IMG-20250318-WA0063-768x503.jpg 768w, https:\/\/cil.bf\/wp-content\/uploads\/2025\/03\/IMG-20250318-WA0063-1536x1006.jpg 1536w, https:\/\/cil.bf\/wp-content\/uploads\/2025\/03\/IMG-20250318-WA0063-2048x1342.jpg 2048w\" sizes=\"auto, (max-width: 1024px) 100vw, 1024px\" \/><\/figure>\n<\/div><\/div>\n\n\n\n<p><\/p>\n","protected":false},"excerpt":{"rendered":"<p>La CIL re\u00e7ue \u00e0 la primature La Pr\u00e9sidente de la Commission de l\u2019Informatique et des Libert\u00e9s (CIL) a \u00e9t\u00e9 re\u00e7ue en audience par le Premier Ministre. Dr Halgui\u00e8ta NASSA\/TRAWINA est all\u00e9e faire part \u00e0 Rimtalba Jean Emmanuel des pr\u00e9paratifs de la 3\u00e8me \u00e9dition de la Journ\u00e9e Nationale de la Protection des Donn\u00e9es \u00e0 caract\u00e8re Personnel &hellip;<\/p>\n","protected":false},"author":3,"featured_media":1276,"comment_status":"open","ping_status":"open","sticky":false,"template":"","format":"standard","meta":{"_jetpack_memberships_contains_paid_content":false,"footnotes":"","jetpack_publicize_message":"","jetpack_publicize_feature_enabled":true,"jetpack_social_post_already_shared":false,"jetpack_social_options":{"image_generator_settings":{"template":"highway","default_image_id":0,"enabled":false},"version":2}},"categories":[38,10],"tags":[],"class_list":["post-1273","post","type-post","status-publish","format-standard","has-post-thumbnail","","category-actualites","category-audiences"],"jetpack_publicize_connections":[],"jetpack_featured_media_url":"https:\/\/cil.bf\/wp-content\/uploads\/2025\/03\/IMG-20250318-WA0065.jpg","jetpack_sharing_enabled":true,"_links":{"self":[{"href":"https:\/\/cil.bf\/index.php?rest_route=\/wp\/v2\/posts\/1273","targetHints":{"allow":["GET"]}}],"collection":[{"href":"https:\/\/cil.bf\/index.php?rest_route=\/wp\/v2\/posts"}],"about":[{"href":"https:\/\/cil.bf\/index.php?rest_route=\/wp\/v2\/types\/post"}],"author":[{"embeddable":true,"href":"https:\/\/cil.bf\/index.php?rest_route=\/wp\/v2\/users\/3"}],"replies":[{"embeddable":true,"href":"https:\/\/cil.bf\/index.php?rest_route=%2Fwp%2Fv2%2Fcomments&post=1273"}],"version-history":[{"count":2,"href":"https:\/\/cil.bf\/index.php?rest_route=\/wp\/v2\/posts\/1273\/revisions"}],"predecessor-version":[{"id":1281,"href":"https:\/\/cil.bf\/index.php?rest_route=\/wp\/v2\/posts\/1273\/revisions\/1281"}],"wp:featuredmedia":[{"embeddable":true,"href":"https:\/\/cil.bf\/index.php?rest_route=\/wp\/v2\/media\/1276"}],"wp:attachment":[{"href":"https:\/\/cil.bf\/index.php?rest_route=%2Fwp%2Fv2%2Fmedia&parent=1273"}],"wp:term":[{"taxonomy":"category","embeddable":true,"href":"https:\/\/cil.bf\/index.php?rest_route=%2Fwp%2Fv2%2Fcategories&post=1273"},{"taxonomy":"post_tag","embeddable":true,"href":"https:\/\/cil.bf\/index.php?rest_route=%2Fwp%2Fv2%2Ftags&post=1273"}],"curies":[{"name":"wp","href":"https:\/\/api.w.org\/{rel}","templated":true}]}}