{"id":1396,"date":"2026-09-04T13:47:54","date_gmt":"2026-09-04T11:47:54","guid":{"rendered":"https:\/\/cil.bf\/?p=1396"},"modified":"2026-09-04T13:47:54","modified_gmt":"2026-09-04T11:47:54","slug":"education-au-numerique-a-la-cil-les-bons-reflexes-commencent-aussi-en-famille","status":"publish","type":"post","link":"https:\/\/cil.bf\/?p=1396","title":{"rendered":"\u00c9ducation au num\u00e9rique : \u00e0 la CIL, les bons r\u00e9flexes commencent aussi en famille"},"content":{"rendered":"\n<p class=\"wp-block-paragraph\"><em>Sensibiliser les parents, c\u2019est important. Donner aux enfants les moyens de se prot\u00e9ger eux-m\u00eames, c\u2019est essentiel. C\u2019est dans cette dynamique que la Mutuelle de la CIL a initi\u00e9 deux journ\u00e9es d\u2019\u00e9ducation au num\u00e9rique au profit des enfants du personnel, avec l\u2019accompagnement de la Pr\u00e9sidente de la CIL.<\/em><\/p>\n\n\n\n<p class=\"wp-block-paragraph\"><\/p>\n\n\n\n<figure class=\"wp-block-image size-full\"><img loading=\"lazy\" decoding=\"async\" width=\"5913\" height=\"3942\" src=\"https:\/\/cil.bf\/wp-content\/uploads\/2026\/09\/IMG_9771.JPG.jpeg\" alt=\"\" class=\"wp-image-1402\"\/><\/figure>\n\n\n\n<p class=\"wp-block-paragraph\"><\/p>\n\n\n\n<p class=\"wp-block-paragraph\">Les 2 et 3 septembre 2026, la Commission de l\u2019Informatique et des Libert\u00e9s (CIL) a accueilli une activit\u00e9 d\u2019\u00e9ducation au num\u00e9rique au profit des enfants de son personnel, initi\u00e9e par la Mutuelle de la CIL, avec l\u2019accompagnement de la Pr\u00e9sidente, Camarade Dr Halgui\u00e8ta NASSA\/TRAWINA. R\u00e9partie en deux groupes d\u2019\u00e2ge, cette initiative avait pour objectif de familiariser les enfants avec les missions de la Commission et de leur transmettre des bons r\u00e9flexes pour une utilisation responsable des outils num\u00e9riques, la protection de leurs donn\u00e9es personnelles et le respect de leur vie priv\u00e9e.<\/p>\n\n\n\n<p class=\"wp-block-paragraph\"><\/p>\n\n\n\n<figure class=\"wp-block-image size-full\"><img loading=\"lazy\" decoding=\"async\" width=\"2048\" height=\"1365\" src=\"https:\/\/cil.bf\/wp-content\/uploads\/2026\/09\/FB_IMG_1788469535388.jpg.jpeg\" alt=\"\" class=\"wp-image-1398\"\/><\/figure>\n\n\n\n<p class=\"wp-block-paragraph\"><\/p>\n\n\n\n<p class=\"wp-block-paragraph\"><strong>Quand la mission de sensibilisation trouve un prolongement au sein des familles<\/strong><\/p>\n\n\n\n<p class=\"wp-block-paragraph\">La protection des donn\u00e9es \u00e0 caract\u00e8re personnel ne repose pas uniquement sur l\u2019action des institutions. Si la CIL a pour mission d\u2019informer et de sensibiliser les citoyens sur les enjeux li\u00e9s \u00e0 leurs donn\u00e9es personnelles, les parents et les tuteurs ont \u00e9galement une responsabilit\u00e9 essentielle : inculquer aux enfants les r\u00e8gles et les principes qui leur permettent de se prot\u00e9ger dans l\u2019environnement num\u00e9rique.<\/p>\n\n\n\n<p class=\"wp-block-paragraph\">C\u2019est tout le sens de l\u2019initiative port\u00e9e par la Mutuelle de la CIL. En proposant cette activit\u00e9 aux enfants du personnel, la Mutuelle a souhait\u00e9 cr\u00e9er un cadre d\u2019apprentissage permettant aux plus jeunes de mieux comprendre les usages num\u00e9riques et d\u2019adopter, d\u00e8s le plus jeune \u00e2ge, des comportements responsables.<\/p>\n\n\n\n<p class=\"wp-block-paragraph\">Cette initiative a b\u00e9n\u00e9fici\u00e9 de l\u2019accompagnement de la Pr\u00e9sidente de la CIL, particuli\u00e8rement attentive aux enjeux d\u2019\u00e9ducation au num\u00e9rique des enfants.<\/p>\n\n\n\n<p class=\"wp-block-paragraph\"><\/p>\n\n\n\n<figure class=\"wp-block-image size-full\"><img loading=\"lazy\" decoding=\"async\" width=\"6240\" height=\"4160\" src=\"https:\/\/cil.bf\/wp-content\/uploads\/2026\/09\/IMG_9755.JPG.jpeg\" alt=\"\" class=\"wp-image-1401\"\/><\/figure>\n\n\n\n<p class=\"wp-block-paragraph\"><\/p>\n\n\n\n<p class=\"wp-block-paragraph\"><strong>Deux journ\u00e9es adapt\u00e9es aux diff\u00e9rentes tranches d\u2019\u00e2ge<\/strong><\/p>\n\n\n\n<p class=\"wp-block-paragraph\">L\u2019activit\u00e9 s\u2019est d\u00e9roul\u00e9e sur deux journ\u00e9es, avec une approche adapt\u00e9e \u00e0 l\u2019\u00e2ge des participants.<\/p>\n\n\n\n<p class=\"wp-block-paragraph\">Le 2 septembre 2026, les \u00e9changes \u00e9taient destin\u00e9s aux enfants \u00e2g\u00e9s de 6 \u00e0 12 ans. Le 3 septembre 2026, la sensibilisation s\u2019est poursuivie avec les adolescents de 13 ans et plus, autour de probl\u00e9matiques davantage li\u00e9es \u00e0 leurs usages des r\u00e9seaux sociaux et des plateformes num\u00e9riques.<\/p>\n\n\n\n<p class=\"wp-block-paragraph\">Cette organisation a permis d\u2019adapter les messages et les \u00e9changes aux r\u00e9alit\u00e9s des diff\u00e9rents publics, afin que chacun puisse mieux comprendre les enjeux qui accompagnent son utilisation du num\u00e9rique.<\/p>\n\n\n\n<p class=\"wp-block-paragraph\"><\/p>\n\n\n\n<figure class=\"wp-block-image size-full\"><img loading=\"lazy\" decoding=\"async\" width=\"6240\" height=\"4160\" src=\"https:\/\/cil.bf\/wp-content\/uploads\/2026\/09\/IMG_9734.JPG.jpeg\" alt=\"\" class=\"wp-image-1399\"\/><\/figure>\n\n\n\n<p class=\"wp-block-paragraph\"><\/p>\n\n\n\n<p class=\"wp-block-paragraph\"><strong>Mieux conna\u00eetre la CIL pour mieux comprendre l\u2019enjeu de la protection<\/strong><\/p>\n\n\n\n<p class=\"wp-block-paragraph\">Au-del\u00e0 des conseils pratiques, les enfants ont d\u00e9couvert la CIL, ses missions et son r\u00f4le dans la protection des donn\u00e9es \u00e0 caract\u00e8re personnel.<\/p>\n\n\n\n<p class=\"wp-block-paragraph\">Une mani\u00e8re \u00e9galement de mieux comprendre le travail accompli au quotidien par leurs parents au sein de l\u2019institution.<\/p>\n\n\n\n<p class=\"wp-block-paragraph\">Derri\u00e8re les notions de donn\u00e9es personnelles, de vie priv\u00e9e ou de protection num\u00e9rique se trouvent en effet des r\u00e9alit\u00e9s tr\u00e8s concr\u00e8tes : une identit\u00e9, une image, une conversation, une localisation, une photo ou encore une information familiale.<\/p>\n\n\n\n<p class=\"wp-block-paragraph\">Comprendre la valeur de ces informations permet aussi de mieux mesurer la n\u00e9cessit\u00e9 de les prot\u00e9ger.<\/p>\n\n\n\n<p class=\"wp-block-paragraph\"><\/p>\n\n\n\n<figure class=\"wp-block-image size-full\"><img loading=\"lazy\" decoding=\"async\" width=\"6240\" height=\"4160\" src=\"https:\/\/cil.bf\/wp-content\/uploads\/2026\/09\/IMG_9741.JPG.jpeg\" alt=\"\" class=\"wp-image-1400\"\/><\/figure>\n\n\n\n<p class=\"wp-block-paragraph\"><\/p>\n\n\n\n<p class=\"wp-block-paragraph\"><strong>Des r\u00e8gles simples pour adopter les bons r\u00e9flexes<\/strong><\/p>\n\n\n\n<p class=\"wp-block-paragraph\">Les \u00e9changes ont notamment permis de rappeler plusieurs r\u00e8gles essentielles dans l\u2019utilisation des r\u00e9seaux sociaux et des plateformes num\u00e9riques :<\/p>\n\n\n\n<p class=\"wp-block-paragraph\">* Bien choisir les r\u00e9seaux sociaux, car toutes les plateformes ne sont pas adapt\u00e9es \u00e0 tous les \u00e2ges ;<\/p>\n\n\n\n<p class=\"wp-block-paragraph\">* Respecter les conditions d\u2019\u00e2ge, qui constituent \u00e9galement des mesures de protection des plus jeunes ;<\/p>\n\n\n\n<p class=\"wp-block-paragraph\">* Savoir quand et comment utiliser les r\u00e9seaux sociaux, en adoptant un usage responsable et ma\u00eetris\u00e9 ;<\/p>\n\n\n\n<p class=\"wp-block-paragraph\">* R\u00e9fl\u00e9chir avant de cliquer, publier ou partager, notamment lorsqu\u2019il s\u2019agit d\u2019informations ou de contenus personnels.<\/p>\n\n\n\n<p class=\"wp-block-paragraph\">Les enfants ont \u00e9galement \u00e9t\u00e9 sensibilis\u00e9s aux risques li\u00e9s au partage d\u2019informations personnelles, aux interactions avec des inconnus et \u00e0 la publication de contenus dont les cons\u00e9quences peuvent parfois d\u00e9passer ce qu\u2019ils imaginent.<\/p>\n\n\n\n<p class=\"wp-block-paragraph\"><strong>Former des utilisateurs responsables, mais surtout des citoyens num\u00e9riques<\/strong><\/p>\n\n\n\n<p class=\"wp-block-paragraph\">L\u2019objectif de l\u2019initiative n\u2019\u00e9tait pas de faire du num\u00e9rique un espace interdit ou source de crainte. Il s\u2019agissait plut\u00f4t de donner aux enfants les moyens d\u2019en faire un usage \u00e9clair\u00e9, responsable et s\u00e9curis\u00e9.<\/p>\n\n\n\n<p class=\"wp-block-paragraph\">\u00c0 travers cette d\u00e9marche, la CIL entend contribuer, aux c\u00f4t\u00e9s des familles, \u00e0 l\u2019\u00e9mergence d\u2019une g\u00e9n\u00e9ration de citoyens num\u00e9riques avertis, capables de profiter des opportunit\u00e9s offertes par le num\u00e9rique tout en \u00e9tant conscients des risques li\u00e9s \u00e0 leurs usages.<\/p>\n\n\n\n<p class=\"wp-block-paragraph\"><strong>La protection des donn\u00e9es commence aussi \u00e0 la maison<\/strong><\/p>\n\n\n\n<p class=\"wp-block-paragraph\">Cette activit\u00e9 rappelle finalement que l\u2019\u00e9ducation au num\u00e9rique est une responsabilit\u00e9 partag\u00e9e.<\/p>\n\n\n\n<p class=\"wp-block-paragraph\">La CIL sensibilise et accompagne ; les parents et les tuteurs, eux, contribuent au quotidien \u00e0 transformer ces recommandations en habitudes et en r\u00e9flexes.<\/p>\n\n\n\n<p class=\"wp-block-paragraph\">En initiant cette activit\u00e9, la Mutuelle de la CIL a ainsi contribu\u00e9 \u00e0 cr\u00e9er un espace o\u00f9 les enfants du personnel peuvent apprendre, \u00e9changer et mieux comprendre les enjeux li\u00e9s \u00e0 leur pr\u00e9sence dans l\u2019univers num\u00e9rique.<\/p>\n\n\n\n<p class=\"wp-block-paragraph\"><\/p>\n\n\n\n<figure class=\"wp-block-image size-full\"><img loading=\"lazy\" decoding=\"async\" width=\"6240\" height=\"4160\" src=\"https:\/\/cil.bf\/wp-content\/uploads\/2026\/09\/IMG_9755.JPG.jpeg\" alt=\"\" class=\"wp-image-1401\"\/><\/figure>\n\n\n\n<p class=\"wp-block-paragraph\"><\/p>\n\n\n\n<p class=\"wp-block-paragraph\"><strong>\u00c0 retenir<\/strong><\/p>\n\n\n\n<p class=\"wp-block-paragraph\">\u00c9duquer un enfant au num\u00e9rique, c\u2019est lui donner les moyens de devenir acteur de sa propre protection.<\/p>\n\n\n\n<p class=\"wp-block-paragraph\">Et parce que les bons r\u00e9flexes ne s\u2019improvisent pas, apprendre \u00e0 prot\u00e9ger ses donn\u00e9es d\u00e8s le plus jeune \u00e2ge, c\u2019est d\u00e9j\u00e0 apprendre \u00e0 se prot\u00e9ger soi-m\u00eame.Cette version donne clairement \u00e0 la Mutuelle de la CIL la paternit\u00e9 de l\u2019initiative, tandis que la Pr\u00e9sidente appara\u00eet dans son r\u00f4le d\u2019accompagnement et d\u2019impulsion institutionnelle, sans cr\u00e9er de confusion sur l\u2019origine de l\u2019activit\u00e9.<\/p>\n\n\n\n<p class=\"wp-block-paragraph\">Prot\u00e9ger vos donn\u00e9es \u00e0 caract\u00e8re personnel, notre mission.<\/p>\n","protected":false},"excerpt":{"rendered":"<p>Sensibiliser les parents, c\u2019est important. Donner aux enfants les moyens de se prot\u00e9ger eux-m\u00eames, c\u2019est essentiel. C\u2019est dans cette dynamique que la Mutuelle de la CIL a initi\u00e9 deux journ\u00e9es d\u2019\u00e9ducation au num\u00e9rique au profit des enfants du personnel, avec l\u2019accompagnement de la Pr\u00e9sidente de la CIL. Les 2 et 3 septembre 2026, la Commission &hellip;<\/p>\n","protected":false},"author":1,"featured_media":1402,"comment_status":"open","ping_status":"open","sticky":false,"template":"","format":"standard","meta":{"footnotes":""},"categories":[38,41,11],"tags":[],"class_list":["post-1396","post","type-post","status-publish","format-standard","has-post-thumbnail","","category-actualites","category-actualites-en-image","category-education-au-numerique"],"_links":{"self":[{"href":"https:\/\/cil.bf\/index.php?rest_route=\/wp\/v2\/posts\/1396","targetHints":{"allow":["GET"]}}],"collection":[{"href":"https:\/\/cil.bf\/index.php?rest_route=\/wp\/v2\/posts"}],"about":[{"href":"https:\/\/cil.bf\/index.php?rest_route=\/wp\/v2\/types\/post"}],"author":[{"embeddable":true,"href":"https:\/\/cil.bf\/index.php?rest_route=\/wp\/v2\/users\/1"}],"replies":[{"embeddable":true,"href":"https:\/\/cil.bf\/index.php?rest_route=%2Fwp%2Fv2%2Fcomments&post=1396"}],"version-history":[{"count":1,"href":"https:\/\/cil.bf\/index.php?rest_route=\/wp\/v2\/posts\/1396\/revisions"}],"predecessor-version":[{"id":1403,"href":"https:\/\/cil.bf\/index.php?rest_route=\/wp\/v2\/posts\/1396\/revisions\/1403"}],"wp:featuredmedia":[{"embeddable":true,"href":"https:\/\/cil.bf\/index.php?rest_route=\/wp\/v2\/media\/1402"}],"wp:attachment":[{"href":"https:\/\/cil.bf\/index.php?rest_route=%2Fwp%2Fv2%2Fmedia&parent=1396"}],"wp:term":[{"taxonomy":"category","embeddable":true,"href":"https:\/\/cil.bf\/index.php?rest_route=%2Fwp%2Fv2%2Fcategories&post=1396"},{"taxonomy":"post_tag","embeddable":true,"href":"https:\/\/cil.bf\/index.php?rest_route=%2Fwp%2Fv2%2Ftags&post=1396"}],"curies":[{"name":"wp","href":"https:\/\/api.w.org\/{rel}","templated":true}]}}