{"id":1809,"date":"2025-10-28T16:10:46","date_gmt":"2025-10-28T15:10:46","guid":{"rendered":"https:\/\/cil.bf\/?p=1809"},"modified":"2025-10-28T16:11:04","modified_gmt":"2025-10-28T15:11:04","slug":"la-protection-des-donnees-a-caractere-personnel-sinvite-en-cours-magistral-au-ministere-en-charge-de-lenseignement-superieur","status":"publish","type":"post","link":"https:\/\/cil.bf\/?p=1809","title":{"rendered":"La protection des donn\u00e9es \u00e0 caract\u00e8re personnel s\u2019invite \u201cen cours magistral\u201d au minist\u00e8re en charge de l\u2019Enseignement sup\u00e9rieur"},"content":{"rendered":"\n<p>Dans \u00a0\u00bb l\u2019amphith\u00e9\u00e2tre feutr\u00e9\u00a0\u00bb du Conseil de cabinet du Minist\u00e8re de l\u2019Enseignement sup\u00e9rieur, de la Recherche scientifique et de l\u2019Innovation (MESRSI), le mardi 28 octobre 2025, l\u2019ambiance rappelait celle des grandes soutenances. Devant un parterre de chercheurs et de techniciens, la Commission de l\u2019Informatique et des Libert\u00e9s (CIL) n\u2019est pas venue distribuer des dipl\u00f4mes, mais une autre forme de savoir : celle de la protection des donn\u00e9es \u00e0 caract\u00e8re personnel.<\/p>\n\n\n\n<p>Et dans cet univers o\u00f9 la connaissance se mesure en publications et indices de citation, la donn\u00e9e personnelle, elle, devient une nouvelle mati\u00e8re premi\u00e8re \u2014 aussi pr\u00e9cieuse qu\u2019un sujet de th\u00e8se bien gard\u00e9.<\/p>\n\n\n\n<p>Quand la question du ministre devient une le\u00e7on de vie num\u00e9rique<\/p>\n\n\n\n<p>Le ton du jour a \u00e9t\u00e9 donn\u00e9 d\u00e8s l\u2019ouverture, par le Pr Adjima THIOMBIANO lui-m\u00eame. Avec ce sourire curieux que connaissent bien ses \u00e9tudiants, il a lanc\u00e9 une question simple\u2026 mais redoutable : \u00ab en deux mots, qu\u2019est-ce que la protection des donn\u00e9es \u00e0 caract\u00e8re personnel ? \u00bb<\/p>\n\n\n\n<p>Une question d\u2019apparence anodine, mais qui a soudain transform\u00e9 la salle en salle de TD. Les techniciens de la CIL se sont pr\u00eat\u00e9s \u00e0 l\u2019exercice, d\u00e9roulant d\u00e9finitions, normes et obligations l\u00e9gales. Un vrai cours magistral !<\/p>\n\n\n\n<p>Le public, mi-souriant, mi-interrogatif, prenait des notes mentales\u2026 jusqu\u2019\u00e0 ce que la Pr\u00e9sidente de la CIL , Dr Halgui\u00e8ta NASSA\/TRAWINA, prenne la parole.<\/p>\n\n\n\n<p>Dans un ton \u00e0 la fois p\u00e9dagogue et imag\u00e9, elle a ramen\u00e9 tout le monde sur le terrain du concret : \u00ab la donn\u00e9e personnelle, c\u2019est tout ce qui permet d\u2019identifier quelqu\u2019un : son nom, son num\u00e9ro d\u2019\u00e9tudiant, son sujet de recherche\u2026 Imaginez qu\u2019un m\u00e9moire se retrouve en ligne sans autorisation : c\u2019est une donn\u00e9e expos\u00e9e ! \u00bb<\/p>\n\n\n\n<p>Elle a ainsi r\u00e9pondu au Pr THIOMBIANO avec une simplicit\u00e9 d\u00e9concertante, transformant la th\u00e9orie en conversation, et la sensibilisation en dialogue acad\u00e9mique. Le ministre, amus\u00e9 et conquis, a ponctu\u00e9 l\u2019\u00e9change d\u2019un hochement de t\u00eate approbateur : l\u2019exemple venait de frapper juste.<\/p>\n\n\n\n<p>\u201cFaire de la donn\u00e9e un pilier \u00e9thique du progr\u00e8s\u201d<\/p>\n\n\n\n<p>Pour la Pr\u00e9sidente de la CIL, la protection des donn\u00e9es n\u2019est pas une contrainte administrative, mais une \u00e9thique du savoir.<\/p>\n\n\n\n<p>\u00ab Si le savoir se prot\u00e8ge par un brevet, la donn\u00e9e m\u00e9rite la m\u00eame rigueur scientifique \u00bb, a-t-elle soulign\u00e9.<\/p>\n\n\n\n<p>Elle a propos\u00e9 d\u2019aller plus loin en int\u00e9grant des modules de formation sur la protection des donn\u00e9es dans les curricula universitaires, avec l\u2019appui technique et juridique de la CIL.<\/p>\n\n\n\n<p>Une id\u00e9e qui a imm\u00e9diatement trouv\u00e9 un \u00e9cho favorable du c\u00f4t\u00e9 du ministre, toujours soucieux d\u2019un num\u00e9rique responsable et souverain.<\/p>\n\n\n\n<p>\u201cLe progr\u00e8s ne doit pas effacer la confidentialit\u00e9\u201d<\/p>\n\n\n\n<p>Le Pr Adjima THIOMBIANO a rappel\u00e9 que le minist\u00e8re g\u00e8re quotidiennement un flux impressionnant d\u2019informations : dossiers d\u2019\u00e9tudiants, r\u00e9sultats, recherches, fichiers administratifs\u2026<\/p>\n\n\n\n<p>\u00ab Nous devons prot\u00e9ger la donn\u00e9e comme nous prot\u00e9geons le savoir \u00bb, a-t-il d\u00e9clar\u00e9.<\/p>\n\n\n\n<p>Et d\u2019ajouter, dans un ton complice : \u00ab nous allons d\u00e9sormais sensibiliser nos assistants d\u00e8s leur recrutement, et pourquoi pas introduire cette dimension lors de l\u2019immersion patriotique de nos \u00e9tudiants ! \u00bb<\/p>\n\n\n\n<p>Un dialogue acad\u00e9mique devenu d\u00e9clic<\/p>\n\n\n\n<p>De cette rencontre, on retiendra surtout ce moment d\u2019\u00e9change vivant (\u00e0 mi-chemin entre le cours magistral et la joute intellectuelle ) o\u00f9 enseignants-chercheurs et juristes ont parl\u00e9 le m\u00eame langage : celui de la responsabilit\u00e9 num\u00e9rique.<\/p>\n\n\n\n<p>Loin des discours convenus, la s\u00e9ance a pris des allures de colloque spontan\u00e9, prouvant que la protection des donn\u00e9es peut aussi faire r\u00e9fl\u00e9chir, sourire, et inspirer.<\/p>\n\n\n\n<p>Et comme l\u2019a r\u00e9sum\u00e9 un participant en sortant : \u00ab aujourd\u2019hui, on n\u2019a pas seulement appris la loi\u2026 on a appris \u00e0 penser la donn\u00e9e. \u00bb<\/p>\n\n\n\n<p>Prot\u00e9ger vos donn\u00e9es \u00e0 caract\u00e8re personnel, notre mission.<\/p>\n\n\n\n<p>Pour en savoir plus ou solliciter un accompagnement : infos@cil.bf | <a href=\"https:\/\/l.facebook.com\/l.php?u=http%3A%2F%2Fwww.cil.bf%2F%3Ffbclid%3DIwZXh0bgNhZW0CMTAAYnJpZBExMXNYa05VUUFRNmd5aHdUZwEeKSJ9kD74RWczccE_t21nKqv93dwAI0MvhlQI-xjU2zsx2GC61IZzgmQqZd8_aem_YcAW7KPEMbgeMj8Azh8cQg&amp;h=AT0afkBSKqIEYTRJmEtvgx43fvZYPYEuWJgEUHEoRzl_riS1JyU01114ybyyJkD0Mg-60naF1pgKfnIFnsceeG5pH5nsroB3Q76WN12DyHBCeAJeHZ6hCsXQ-XnSt4vnkb2CulGRZckT-g1c&amp;__tn__=-UK-R&amp;c[0]=AT1H91Cjh8m1KCZQoQOOuE54L8x9zA0HTLWFjoSNrTvzdWMTXnurv8viqZkVlboAs3w4JOiziiR458RsO-_wZOgJ_L0XplX0Lt8-TjBeJ47P5UWEbQyD765N0HCtnjc4n2vZsIOMlrKfNj14Brm-NLcDiHy9jjM9cF5TU6wN8i9ZxySK97wNgD1YTQMQoetGFsNxiklbDRRIzMppl083imE_JQ\" rel=\"noreferrer noopener\" target=\"_blank\">www.cil.bf<\/a> \/ Tel : (+226) 25 37 61 05<\/p>\n\n\n\n<p>Suivez-nous sur TikTok, Instagram, YouTube et Facebook : Cil Burkina<\/p>\n\n\n\n<p>Direction de la Communication et des Relations Publiques<\/p>\n\n\n\n<p><a href=\"https:\/\/www.facebook.com\/hashtag\/cilburkina?__eep__=6&amp;__cft__[0]=AZWxsepZ1pS7EzlRLJEJzJC_kZ2utPwIzUI3qTQNLrYEOv6dCD-3kL5QpzSUfkHMUgmxWbhX4PePWgpwoGhFuP4sdhD88EWAHwgCO9D6EUFZh3svJRImPC0T6Gw2v8lg7rfqizxhy01y3TC9BcfZgdyY5mm8o1RQgjgJe-qodbGCJpAQkTRVta86h7o9sUY1pDk&amp;__tn__=*NK-R\">#CILBurkina<\/a><a href=\"https:\/\/www.facebook.com\/hashtag\/mesri?__eep__=6&amp;__cft__[0]=AZWxsepZ1pS7EzlRLJEJzJC_kZ2utPwIzUI3qTQNLrYEOv6dCD-3kL5QpzSUfkHMUgmxWbhX4PePWgpwoGhFuP4sdhD88EWAHwgCO9D6EUFZh3svJRImPC0T6Gw2v8lg7rfqizxhy01y3TC9BcfZgdyY5mm8o1RQgjgJe-qodbGCJpAQkTRVta86h7o9sUY1pDk&amp;__tn__=*NK-R\">#MESRI<\/a><a href=\"https:\/\/www.facebook.com\/hashtag\/halgui%C3%A8tanassatrawina?__eep__=6&amp;__cft__[0]=AZWxsepZ1pS7EzlRLJEJzJC_kZ2utPwIzUI3qTQNLrYEOv6dCD-3kL5QpzSUfkHMUgmxWbhX4PePWgpwoGhFuP4sdhD88EWAHwgCO9D6EUFZh3svJRImPC0T6Gw2v8lg7rfqizxhy01y3TC9BcfZgdyY5mm8o1RQgjgJe-qodbGCJpAQkTRVta86h7o9sUY1pDk&amp;__tn__=*NK-R\">#Halgui\u00e8taNASSATRAWINA<\/a><a href=\"https:\/\/www.facebook.com\/hashtag\/adjimathiombiano?__eep__=6&amp;__cft__[0]=AZWxsepZ1pS7EzlRLJEJzJC_kZ2utPwIzUI3qTQNLrYEOv6dCD-3kL5QpzSUfkHMUgmxWbhX4PePWgpwoGhFuP4sdhD88EWAHwgCO9D6EUFZh3svJRImPC0T6Gw2v8lg7rfqizxhy01y3TC9BcfZgdyY5mm8o1RQgjgJe-qodbGCJpAQkTRVta86h7o9sUY1pDk&amp;__tn__=*NK-R\">#AdjimaThiombiano<\/a><a href=\"https:\/\/www.facebook.com\/hashtag\/protectiondesdonn%C3%A9es?__eep__=6&amp;__cft__[0]=AZWxsepZ1pS7EzlRLJEJzJC_kZ2utPwIzUI3qTQNLrYEOv6dCD-3kL5QpzSUfkHMUgmxWbhX4PePWgpwoGhFuP4sdhD88EWAHwgCO9D6EUFZh3svJRImPC0T6Gw2v8lg7rfqizxhy01y3TC9BcfZgdyY5mm8o1RQgjgJe-qodbGCJpAQkTRVta86h7o9sUY1pDk&amp;__tn__=*NK-R\">#ProtectionDesDonn\u00e9es<\/a><a href=\"https:\/\/www.facebook.com\/hashtag\/recherchescientifique?__eep__=6&amp;__cft__[0]=AZWxsepZ1pS7EzlRLJEJzJC_kZ2utPwIzUI3qTQNLrYEOv6dCD-3kL5QpzSUfkHMUgmxWbhX4PePWgpwoGhFuP4sdhD88EWAHwgCO9D6EUFZh3svJRImPC0T6Gw2v8lg7rfqizxhy01y3TC9BcfZgdyY5mm8o1RQgjgJe-qodbGCJpAQkTRVta86h7o9sUY1pDk&amp;__tn__=*NK-R\">#RechercheScientifique<\/a><a href=\"https:\/\/www.facebook.com\/hashtag\/innovationresponsable?__eep__=6&amp;__cft__[0]=AZWxsepZ1pS7EzlRLJEJzJC_kZ2utPwIzUI3qTQNLrYEOv6dCD-3kL5QpzSUfkHMUgmxWbhX4PePWgpwoGhFuP4sdhD88EWAHwgCO9D6EUFZh3svJRImPC0T6Gw2v8lg7rfqizxhy01y3TC9BcfZgdyY5mm8o1RQgjgJe-qodbGCJpAQkTRVta86h7o9sUY1pDk&amp;__tn__=*NK-R\">#InnovationResponsable<\/a><a href=\"https:\/\/www.facebook.com\/hashtag\/educationnum%C3%A9rique?__eep__=6&amp;__cft__[0]=AZWxsepZ1pS7EzlRLJEJzJC_kZ2utPwIzUI3qTQNLrYEOv6dCD-3kL5QpzSUfkHMUgmxWbhX4PePWgpwoGhFuP4sdhD88EWAHwgCO9D6EUFZh3svJRImPC0T6Gw2v8lg7rfqizxhy01y3TC9BcfZgdyY5mm8o1RQgjgJe-qodbGCJpAQkTRVta86h7o9sUY1pDk&amp;__tn__=*NK-R\">#EducationNum\u00e9rique<\/a><a href=\"https:\/\/www.facebook.com\/hashtag\/burkinafaso?__eep__=6&amp;__cft__[0]=AZWxsepZ1pS7EzlRLJEJzJC_kZ2utPwIzUI3qTQNLrYEOv6dCD-3kL5QpzSUfkHMUgmxWbhX4PePWgpwoGhFuP4sdhD88EWAHwgCO9D6EUFZh3svJRImPC0T6Gw2v8lg7rfqizxhy01y3TC9BcfZgdyY5mm8o1RQgjgJe-qodbGCJpAQkTRVta86h7o9sUY1pDk&amp;__tn__=*NK-R\">#BurkinaFaso<\/a><a href=\"https:\/\/www.facebook.com\/hashtag\/transformationdigitale?__eep__=6&amp;__cft__[0]=AZWxsepZ1pS7EzlRLJEJzJC_kZ2utPwIzUI3qTQNLrYEOv6dCD-3kL5QpzSUfkHMUgmxWbhX4PePWgpwoGhFuP4sdhD88EWAHwgCO9D6EUFZh3svJRImPC0T6Gw2v8lg7rfqizxhy01y3TC9BcfZgdyY5mm8o1RQgjgJe-qodbGCJpAQkTRVta86h7o9sUY1pDk&amp;__tn__=*NK-R\">#TransformationDigitale<\/a><a href=\"https:\/\/www.facebook.com\/hashtag\/gouvernancedesdonn%C3%A9es?__eep__=6&amp;__cft__[0]=AZWxsepZ1pS7EzlRLJEJzJC_kZ2utPwIzUI3qTQNLrYEOv6dCD-3kL5QpzSUfkHMUgmxWbhX4PePWgpwoGhFuP4sdhD88EWAHwgCO9D6EUFZh3svJRImPC0T6Gw2v8lg7rfqizxhy01y3TC9BcfZgdyY5mm8o1RQgjgJe-qodbGCJpAQkTRVta86h7o9sUY1pDk&amp;__tn__=*NK-R\">#GouvernanceDesDonn\u00e9es<\/a><a href=\"https:\/\/www.facebook.com\/hashtag\/communicationinstitutionnelle?__eep__=6&amp;__cft__[0]=AZWxsepZ1pS7EzlRLJEJzJC_kZ2utPwIzUI3qTQNLrYEOv6dCD-3kL5QpzSUfkHMUgmxWbhX4PePWgpwoGhFuP4sdhD88EWAHwgCO9D6EUFZh3svJRImPC0T6Gw2v8lg7rfqizxhy01y3TC9BcfZgdyY5mm8o1RQgjgJe-qodbGCJpAQkTRVta86h7o9sUY1pDk&amp;__tn__=*NK-R\">#CommunicationInstitutionnelle<\/a><a href=\"https:\/\/www.facebook.com\/hashtag\/souverainet%C3%A9num%C3%A9rique?__eep__=6&amp;__cft__[0]=AZWxsepZ1pS7EzlRLJEJzJC_kZ2utPwIzUI3qTQNLrYEOv6dCD-3kL5QpzSUfkHMUgmxWbhX4PePWgpwoGhFuP4sdhD88EWAHwgCO9D6EUFZh3svJRImPC0T6Gw2v8lg7rfqizxhy01y3TC9BcfZgdyY5mm8o1RQgjgJe-qodbGCJpAQkTRVta86h7o9sUY1pDk&amp;__tn__=*NK-R\">#Souverainet\u00e9Num\u00e9rique<\/a><a href=\"https:\/\/www.facebook.com\/hashtag\/scienceethique?__eep__=6&amp;__cft__[0]=AZWxsepZ1pS7EzlRLJEJzJC_kZ2utPwIzUI3qTQNLrYEOv6dCD-3kL5QpzSUfkHMUgmxWbhX4PePWgpwoGhFuP4sdhD88EWAHwgCO9D6EUFZh3svJRImPC0T6Gw2v8lg7rfqizxhy01y3TC9BcfZgdyY5mm8o1RQgjgJe-qodbGCJpAQkTRVta86h7o9sUY1pDk&amp;__tn__=*NK-R\">#ScienceEthique<\/a><\/p>\n\n\n\n<figure class=\"wp-block-gallery has-nested-images columns-default is-cropped wp-block-gallery-1 is-layout-flex wp-block-gallery-is-layout-flex\"><\/figure>\n\n\n\n<p><\/p>\n","protected":false},"excerpt":{"rendered":"<p>Dans \u00a0\u00bb l\u2019amphith\u00e9\u00e2tre feutr\u00e9\u00a0\u00bb du Conseil de cabinet du Minist\u00e8re de l\u2019Enseignement sup\u00e9rieur, de la Recherche scientifique et de l\u2019Innovation (MESRSI), le mardi 28 octobre 2025, l\u2019ambiance rappelait celle des grandes soutenances. Devant un parterre de chercheurs et de techniciens, la Commission de l\u2019Informatique et des Libert\u00e9s (CIL) n\u2019est pas venue distribuer des dipl\u00f4mes, mais &hellip;<\/p>\n","protected":false},"author":4,"featured_media":1814,"comment_status":"open","ping_status":"open","sticky":false,"template":"","format":"standard","meta":{"_jetpack_memberships_contains_paid_content":false,"footnotes":"","jetpack_publicize_message":"","jetpack_publicize_feature_enabled":true,"jetpack_social_post_already_shared":true,"jetpack_social_options":{"image_generator_settings":{"template":"highway","default_image_id":0,"enabled":false},"version":2}},"categories":[38,39],"tags":[],"class_list":["post-1809","post","type-post","status-publish","format-standard","has-post-thumbnail","","category-actualites","category-formation"],"jetpack_publicize_connections":[],"jetpack_featured_media_url":"https:\/\/cil.bf\/wp-content\/uploads\/2025\/10\/28102025-IMG_8561.jpeg","jetpack_sharing_enabled":true,"_links":{"self":[{"href":"https:\/\/cil.bf\/index.php?rest_route=\/wp\/v2\/posts\/1809","targetHints":{"allow":["GET"]}}],"collection":[{"href":"https:\/\/cil.bf\/index.php?rest_route=\/wp\/v2\/posts"}],"about":[{"href":"https:\/\/cil.bf\/index.php?rest_route=\/wp\/v2\/types\/post"}],"author":[{"embeddable":true,"href":"https:\/\/cil.bf\/index.php?rest_route=\/wp\/v2\/users\/4"}],"replies":[{"embeddable":true,"href":"https:\/\/cil.bf\/index.php?rest_route=%2Fwp%2Fv2%2Fcomments&post=1809"}],"version-history":[{"count":1,"href":"https:\/\/cil.bf\/index.php?rest_route=\/wp\/v2\/posts\/1809\/revisions"}],"predecessor-version":[{"id":1815,"href":"https:\/\/cil.bf\/index.php?rest_route=\/wp\/v2\/posts\/1809\/revisions\/1815"}],"wp:featuredmedia":[{"embeddable":true,"href":"https:\/\/cil.bf\/index.php?rest_route=\/wp\/v2\/media\/1814"}],"wp:attachment":[{"href":"https:\/\/cil.bf\/index.php?rest_route=%2Fwp%2Fv2%2Fmedia&parent=1809"}],"wp:term":[{"taxonomy":"category","embeddable":true,"href":"https:\/\/cil.bf\/index.php?rest_route=%2Fwp%2Fv2%2Fcategories&post=1809"},{"taxonomy":"post_tag","embeddable":true,"href":"https:\/\/cil.bf\/index.php?rest_route=%2Fwp%2Fv2%2Ftags&post=1809"}],"curies":[{"name":"wp","href":"https:\/\/api.w.org\/{rel}","templated":true}]}}